{"id":100063,"date":"2016-11-21T06:30:16","date_gmt":"2016-11-21T08:30:16","guid":{"rendered":"http:\/\/www.redenoticia.com.br\/noticia\/?p=100063"},"modified":"2016-11-18T16:31:28","modified_gmt":"2016-11-18T18:31:28","slug":"precos-dos-alimentos-voltam-a-cair-e-seguram-inflacao-em-sao-paulo","status":"publish","type":"post","link":"https:\/\/www.redenoticia.com.br\/noticia\/2016\/precos-dos-alimentos-voltam-a-cair-e-seguram-inflacao-em-sao-paulo\/100063","title":{"rendered":"Pre\u00e7os dos alimentos voltam a cair e seguram infla\u00e7\u00e3o em S\u00e3o Paulo"},"content":{"rendered":"<p> O <strong><em>\u00cdndice de Pre\u00e7os ao Consumidor<\/em><\/strong> (IPC), medido pela Funda\u00e7\u00e3o Instituto de Pesquisas Econ\u00f4micas (Fipe) na cidade de S\u00e3o Paulo, desacelerou na segunda quadrissemana de novembro ao atingir alta de 0,30%, ligeiramente inferior ao avan\u00e7o registrado na primeira pr\u00e9via do m\u00eas (0,33%). Esse resultado reflete, principalmente, o recuo m\u00e9dio de 0,58% no grupo alimenta\u00e7\u00e3o. No \u00faltimo levantamento, os itens aliment\u00edcios tinham apresentado queda de 0,41%.<\/p>\n<p>Tamb\u00e9m ajudaram a segurar o avan\u00e7o inflacion\u00e1rio os grupos transportes, com varia\u00e7\u00e3o de 0,67% ante alta de 0,72%, e sa\u00fade, que passou de 1,05% para 0,53%. Al\u00e9m disso, o grupo educa\u00e7\u00e3o ficou quase inalterado, com varia\u00e7\u00e3o de 0,10% ante 0,11%. Em vestu\u00e1rio, a taxa manteve-se est\u00e1vel em 0,49%.<\/p>\n<p>Ocorreram eleva\u00e7\u00f5es em habita\u00e7\u00e3o (de 0,35% para 0,41%) e despesas pessoais (de 1,05% para 1,1%).<\/p>\n<p>O levantamento da Fipe refere-se \u00e0s oscila\u00e7\u00f5es de pre\u00e7os dos bens e servi\u00e7os consumidos pelas fam\u00edlias com renda mensal entre um e dez sal\u00e1rios m\u00ednimos.<\/p>\n<p>Marli Moreira &#8211; Rep\u00f3rter da Ag\u00eancia Brasil<br \/>\nEdi\u00e7\u00e3o: Gra\u00e7a Adjuto<br \/>\n21\/11\/2016<\/p>\n","protected":false},"excerpt":{"rendered":"<p>O \u00cdndice de Pre\u00e7os ao Consumidor (IPC), medido pela Funda\u00e7\u00e3o Instituto de Pesquisas Econ\u00f4micas (Fipe) na cidade de S\u00e3o Paulo, desacelerou na segunda quadrissemana de novembro ao atingir alta de 0,30%, ligeiramente inferior ao avan\u00e7o registrado na primeira pr\u00e9via do m\u00eas (0,33%). Esse resultado reflete, principalmente, o recuo m\u00e9dio de 0,58% no grupo alimenta\u00e7\u00e3o. No [&hellip;]<\/p>\n","protected":false},"author":2,"featured_media":57584,"comment_status":"open","ping_status":"closed","sticky":false,"template":"","format":"standard","meta":{"_genesis_hide_title":false,"_genesis_hide_breadcrumbs":false,"_genesis_hide_singular_image":false,"_genesis_hide_footer_widgets":false,"_genesis_custom_body_class":"","_genesis_custom_post_class":"","_genesis_layout":"","_jetpack_memberships_contains_paid_content":false,"footnotes":""},"categories":[22,7],"tags":[],"class_list":{"0":"post-100063","1":"post","2":"type-post","3":"status-publish","4":"format-standard","5":"has-post-thumbnail","7":"category-brasil","8":"category-economia","9":"entry","10":"gs-1","11":"gs-odd","12":"gs-even","13":"gs-featured-content-entry"},"jetpack_featured_media_url":"https:\/\/www.redenoticia.com.br\/noticia\/imagens\/economia-grafica-analise-inflacao.jpg","jetpack_sharing_enabled":true,"jetpack_likes_enabled":true,"_links":{"self":[{"href":"https:\/\/www.redenoticia.com.br\/noticia\/wp-json\/wp\/v2\/posts\/100063","targetHints":{"allow":["GET"]}}],"collection":[{"href":"https:\/\/www.redenoticia.com.br\/noticia\/wp-json\/wp\/v2\/posts"}],"about":[{"href":"https:\/\/www.redenoticia.com.br\/noticia\/wp-json\/wp\/v2\/types\/post"}],"author":[{"embeddable":true,"href":"https:\/\/www.redenoticia.com.br\/noticia\/wp-json\/wp\/v2\/users\/2"}],"replies":[{"embeddable":true,"href":"https:\/\/www.redenoticia.com.br\/noticia\/wp-json\/wp\/v2\/comments?post=100063"}],"version-history":[{"count":0,"href":"https:\/\/www.redenoticia.com.br\/noticia\/wp-json\/wp\/v2\/posts\/100063\/revisions"}],"wp:featuredmedia":[{"embeddable":true,"href":"https:\/\/www.redenoticia.com.br\/noticia\/wp-json\/wp\/v2\/media\/57584"}],"wp:attachment":[{"href":"https:\/\/www.redenoticia.com.br\/noticia\/wp-json\/wp\/v2\/media?parent=100063"}],"wp:term":[{"taxonomy":"category","embeddable":true,"href":"https:\/\/www.redenoticia.com.br\/noticia\/wp-json\/wp\/v2\/categories?post=100063"},{"taxonomy":"post_tag","embeddable":true,"href":"https:\/\/www.redenoticia.com.br\/noticia\/wp-json\/wp\/v2\/tags?post=100063"}],"curies":[{"name":"wp","href":"https:\/\/api.w.org\/{rel}","templated":true}]}}